{"id":12896,"date":"2025-01-22T10:36:01","date_gmt":"2025-01-22T09:36:01","guid":{"rendered":"https:\/\/www.medespoir.ca\/?p=12896"},"modified":"2025-01-22T14:20:53","modified_gmt":"2025-01-22T13:20:53","slug":"dr-mehmet-veli-karaaltin-cirujano-plastico-y-socio-de-medespoir","status":"publish","type":"post","link":"https:\/\/www.medespoir.ca\/es\/dr-mehmet-veli-karaaltin-cirujano-plastico-y-socio-de-medespoir\/","title":{"rendered":"Dr. Mehmet Veli Karaalt\u0131n, cirujano pl\u00e1stico y socio de Medespoir"},"content":{"rendered":"<p>El Dr. Mehmet Veli Karaalt\u0131n, en estrecha colaboraci\u00f3n con Medespoir, es un reconocido cirujano pl\u00e1stico que ejerce en Estambul, Turqu\u00eda. Famoso por su experiencia y destreza, acompa\u00f1a con profesionalismo a mujeres y hombres que desean someterse a intervenciones de cirug\u00eda est\u00e9tica con total confianza.<!--more--><\/p>\n<h3><strong>Una trayectoria marcada por logros excepcionales<\/strong><\/h3>\n<p>El Dr. Karaalt\u0131n ha destacado a lo largo de su carrera por numerosas realizaciones notables. Nacido en 1972 en Kirkuk, Irak, en una familia de origen turco, es padre de gemelos y est\u00e1 casado con una destacada profesional, quien ocupa el cargo de vicedecana de la facultad de medicina de la Universidad de Cerrahpa\u015fa. A los seis meses, su familia emigr\u00f3 a los Estados Unidos.<\/p>\n<p>Entre 1976 y 1988, realiz\u00f3 sus estudios primarios y secundarios en West Lafayette, Indiana, y en Orange County, Los \u00c1ngeles.<\/p>\n<h3><strong>Un ascenso excepcional en cirug\u00eda pl\u00e1stica<\/strong><\/h3>\n<p>En 2012, tras superar con \u00e9xito los exigentes ex\u00e1menes de la Sociedad Europea de Cirug\u00eda Pl\u00e1stica, el Dr. Karaalt\u0131n se convirti\u00f3 en miembro del Consejo Europeo de Cirug\u00eda Pl\u00e1stica Reconstructiva y Est\u00e9tica (E.B.O.P.R.A.S.). Este reconocimiento marc\u00f3 un punto de inflexi\u00f3n en su carrera, consolid\u00e1ndolo como una referencia mundial en el \u00e1mbito.<\/p>\n<h3><strong>Una carrera dedicada a la ense\u00f1anza y la excelencia<\/strong><\/h3>\n<p>El Dr. Karaalt\u0131n ha impartido clases en prestigiosas instituciones como la Universidad de Bezmialem y la Universidad de Acibadem. Como educador apasionado, ha formado a numerosos m\u00e9dicos en los fundamentos de la cirug\u00eda pl\u00e1stica. Adem\u00e1s, es miembro activo de la ISAPS (International Society of Aesthetic Plastic Surgeons), ofreciendo un seguro global ISAPS que garantiza la seguridad en los procedimientos est\u00e9ticos.<\/p>\n<h3><strong>Contribuciones innovadoras a nivel mundial<\/strong><\/h3>\n<p>El Dr. Karaalt\u0131n ha sobresalido por sus avances en \u00e1reas clave como los colgajos libres microvasculares, las transferencias nerviosas y las reconstrucciones por par\u00e1lisis braquial. Entre sus logros m\u00e1s destacados se encuentra la invenci\u00f3n de una t\u00e9cnica revolucionaria de transferencia muscular para tratar la par\u00e1lisis facial. Adem\u00e1s, fue parte del equipo &#8220;Hacettepe&#8221; que realiz\u00f3 el tercer trasplante facial completo en el mundo, una haza\u00f1a sin precedentes.<\/p>\n<h3><strong>Un pionero en investigaci\u00f3n m\u00e9dica regenerativa<\/strong><\/h3>\n<p>En los \u00faltimos cinco a\u00f1os, el Dr. Karaalt\u0131n se ha centrado en terapias celulares y medicina regenerativa. Ha tratado con \u00e9xito a cientos de pacientes con heridas diab\u00e9ticas, quemaduras y reconstrucciones mamarias utilizando c\u00e9lulas en aerosol. Tambi\u00e9n desarroll\u00f3 el concepto de los &#8220;Cuatro Pilares&#8221; para el rejuvenecimiento facial, integrando estas terapias innovadoras como elemento central de su enfoque.<\/p>\n<p>En reconocimiento a su experiencia, el 18 de enero de 2018, Benito Novas, CEO del Global Stem Cells Group, lo nombr\u00f3 profesor asociado en cirug\u00eda pl\u00e1stica, est\u00e9tica y reconstructiva dentro del GSCG Advisory Board Faculty.<\/p>\n<h3><strong>T\u00e9cnicas innovadoras y aplicaciones internacionales<\/strong><\/h3>\n<p>El Dr. Karaalt\u0131n lidera investigaciones avanzadas, como la transferencia microvascular de ganglios linf\u00e1ticos para tratar la obstrucci\u00f3n linf\u00e1tica, y ha implementado tecnolog\u00edas de escaneo e impresi\u00f3n 3D para revolucionar las t\u00e9cnicas de rinoplastia.<\/p>\n<p>En el Reino Unido, ofrece procedimientos populares como el Brazilian Butt Lift (BBL) y la abdominoplastia V.A.S.E.R. Junto con el Dr. Adnan Erdem, cofund\u00f3 &#8220;Pixellence Istanbul&#8221;, una cl\u00ednica especializada en tratamientos sistem\u00e1ticos contra la p\u00e9rdida de cabello.<\/p>\n<p>Entre sus innovaciones m\u00e1s recientes, introdujo la &#8220;Davinci Robotic Technology&#8221; para la ampliaci\u00f3n mamaria, utilizando una incisi\u00f3n axilar para optimizar los resultados. Adem\u00e1s, emplea la tecnolog\u00eda Vein Viewer para planificar los colgajos venosos antes de las intervenciones.<\/p>\n<h3><strong>Contribuciones acad\u00e9micas y publicaciones cient\u00edficas<\/strong><\/h3>\n<p>El Dr. Karaalt\u0131n ha publicado numerosos trabajos que refuerzan su influencia en el campo de la cirug\u00eda pl\u00e1stica, entre ellos:<\/p>\n<ul>\n<li><strong>&#8220;The multiple osteotomized free iliac osteocutaneous flap&#8221; (2013)<\/strong>: un enfoque innovador para reconstrucciones maxilofaciales complejas.<\/li>\n<li><strong>&#8220;A Newly Designed Surgical Instrument to Facilitate Osteotomy&#8221; (2012)<\/strong>: dise\u00f1o de un instrumento quir\u00fargico innovador.<\/li>\n<li><strong>&#8220;Adipose Derived Regenerative Cell Therapy for Treating a Diabetic Wound&#8221; (2011)<\/strong>: terapia celular aplicada a heridas diab\u00e9ticas.<\/li>\n<\/ul>\n<h3><strong>Conclusi\u00f3n: Un l\u00edder visionario<\/strong><\/h3>\n<p>Con una carrera dedicada a la innovaci\u00f3n y la formaci\u00f3n, el Dr. Mehmet Veli Karaalt\u0131n sigue siendo una figura esencial en la cirug\u00eda pl\u00e1stica y regenerativa. Sus contribuciones cl\u00ednicas y acad\u00e9micas contin\u00faan expandiendo los l\u00edmites de la disciplina, combinando tecnolog\u00eda de vanguardia con un enfoque centrado en el paciente.<\/p>\n","protected":false},"excerpt":{"rendered":"<p>El Dr. Mehmet Veli Karaalt\u0131n, en estrecha colaboraci\u00f3n con Medespoir, es un reconocido cirujano pl\u00e1stico que ejerce en Estambul, Turqu\u00eda. Famoso por su experiencia y destreza, acompa\u00f1a con profesionalismo a mujeres y hombres que desean someterse a intervenciones de cirug\u00eda<\/p>\n","protected":false},"author":2,"featured_media":12886,"comment_status":"closed","ping_status":"closed","sticky":false,"template":"","format":"standard","meta":{"footnotes":""},"categories":[375],"tags":[],"class_list":["post-12896","post","type-post","status-publish","format-standard","has-post-thumbnail","hentry","category-sin-categorizar"],"yoast_head":"<!-- This site is optimized with the Yoast SEO plugin v28.4 - https:\/\/yoast.com\/product\/yoast-seo-wordpress\/ -->\n<title>Dr. Mehmet Veli Karaalt\u0131n, cirujano pl\u00e1stico y socio de Medespoir -<\/title>\n<meta name=\"robots\" content=\"index, follow, max-snippet:-1, max-image-preview:large, max-video-preview:-1\" \/>\n<link rel=\"canonical\" href=\"https:\/\/www.medespoir.ca\/es\/dr-mehmet-veli-karaaltin-cirujano-plastico-y-socio-de-medespoir\/\" \/>\n<meta property=\"og:locale\" content=\"es_ES\" \/>\n<meta property=\"og:type\" content=\"article\" \/>\n<meta property=\"og:title\" content=\"Dr. Mehmet Veli Karaalt\u0131n, cirujano pl\u00e1stico y socio de Medespoir -\" \/>\n<meta property=\"og:description\" content=\"El Dr. Mehmet Veli Karaalt\u0131n, en estrecha colaboraci\u00f3n con Medespoir, es un reconocido cirujano pl\u00e1stico que ejerce en Estambul, Turqu\u00eda. Famoso por su experiencia y destreza, acompa\u00f1a con profesionalismo a mujeres y hombres que desean someterse a intervenciones de cirug\u00eda\" \/>\n<meta property=\"og:url\" content=\"https:\/\/www.medespoir.ca\/es\/dr-mehmet-veli-karaaltin-cirujano-plastico-y-socio-de-medespoir\/\" \/>\n<meta property=\"article:published_time\" content=\"2025-01-22T09:36:01+00:00\" \/>\n<meta property=\"article:modified_time\" content=\"2025-01-22T13:20:53+00:00\" \/>\n<meta property=\"og:image\" content=\"https:\/\/www.medespoir.ca\/wp-content\/uploads\/2025\/01\/Dr-Mehmet-Veli-Karaaltin.jpg\" \/>\n\t<meta property=\"og:image:width\" content=\"500\" \/>\n\t<meta property=\"og:image:height\" content=\"375\" \/>\n\t<meta property=\"og:image:type\" content=\"image\/jpeg\" \/>\n<meta name=\"author\" content=\"Fanette Moth\u00e9\" \/>\n<meta name=\"twitter:card\" content=\"summary_large_image\" \/>\n<meta name=\"twitter:label1\" content=\"Written by\" \/>\n\t<meta name=\"twitter:data1\" content=\"Fanette Moth\u00e9\" \/>\n\t<meta name=\"twitter:label2\" content=\"Est. reading time\" \/>\n\t<meta name=\"twitter:data2\" content=\"4 minutes\" \/>\n<script type=\"application\/ld+json\" class=\"yoast-schema-graph\">{\"@context\":\"https:\\\/\\\/schema.org\",\"@graph\":[{\"@type\":\"Article\",\"@id\":\"https:\\\/\\\/www.medespoir.ca\\\/es\\\/dr-mehmet-veli-karaaltin-cirujano-plastico-y-socio-de-medespoir\\\/#article\",\"isPartOf\":{\"@id\":\"https:\\\/\\\/www.medespoir.ca\\\/es\\\/dr-mehmet-veli-karaaltin-cirujano-plastico-y-socio-de-medespoir\\\/\"},\"author\":{\"name\":\"Fanette Moth\u00e9\",\"@id\":\"https:\\\/\\\/www.medespoir.ca\\\/es\\\/#\\\/schema\\\/person\\\/c4e075a55e664897bd6514f0d0adac9b\"},\"headline\":\"Dr. Mehmet Veli Karaalt\u0131n, cirujano pl\u00e1stico y socio de Medespoir\",\"datePublished\":\"2025-01-22T09:36:01+00:00\",\"dateModified\":\"2025-01-22T13:20:53+00:00\",\"mainEntityOfPage\":{\"@id\":\"https:\\\/\\\/www.medespoir.ca\\\/es\\\/dr-mehmet-veli-karaaltin-cirujano-plastico-y-socio-de-medespoir\\\/\"},\"wordCount\":762,\"image\":{\"@id\":\"https:\\\/\\\/www.medespoir.ca\\\/es\\\/dr-mehmet-veli-karaaltin-cirujano-plastico-y-socio-de-medespoir\\\/#primaryimage\"},\"thumbnailUrl\":\"https:\\\/\\\/www.medespoir.ca\\\/wp-content\\\/uploads\\\/2025\\\/01\\\/Dr-Mehmet-Veli-Karaaltin.jpg\",\"articleSection\":[\"Sin categorizar\"],\"inLanguage\":\"es-ES\"},{\"@type\":\"WebPage\",\"@id\":\"https:\\\/\\\/www.medespoir.ca\\\/es\\\/dr-mehmet-veli-karaaltin-cirujano-plastico-y-socio-de-medespoir\\\/\",\"url\":\"https:\\\/\\\/www.medespoir.ca\\\/es\\\/dr-mehmet-veli-karaaltin-cirujano-plastico-y-socio-de-medespoir\\\/\",\"name\":\"Dr. Mehmet Veli Karaalt\u0131n, cirujano pl\u00e1stico y socio de Medespoir -\",\"isPartOf\":{\"@id\":\"https:\\\/\\\/www.medespoir.ca\\\/es\\\/#website\"},\"primaryImageOfPage\":{\"@id\":\"https:\\\/\\\/www.medespoir.ca\\\/es\\\/dr-mehmet-veli-karaaltin-cirujano-plastico-y-socio-de-medespoir\\\/#primaryimage\"},\"image\":{\"@id\":\"https:\\\/\\\/www.medespoir.ca\\\/es\\\/dr-mehmet-veli-karaaltin-cirujano-plastico-y-socio-de-medespoir\\\/#primaryimage\"},\"thumbnailUrl\":\"https:\\\/\\\/www.medespoir.ca\\\/wp-content\\\/uploads\\\/2025\\\/01\\\/Dr-Mehmet-Veli-Karaaltin.jpg\",\"datePublished\":\"2025-01-22T09:36:01+00:00\",\"dateModified\":\"2025-01-22T13:20:53+00:00\",\"author\":{\"@id\":\"https:\\\/\\\/www.medespoir.ca\\\/es\\\/#\\\/schema\\\/person\\\/c4e075a55e664897bd6514f0d0adac9b\"},\"breadcrumb\":{\"@id\":\"https:\\\/\\\/www.medespoir.ca\\\/es\\\/dr-mehmet-veli-karaaltin-cirujano-plastico-y-socio-de-medespoir\\\/#breadcrumb\"},\"inLanguage\":\"es-ES\",\"potentialAction\":[{\"@type\":\"ReadAction\",\"target\":[\"https:\\\/\\\/www.medespoir.ca\\\/es\\\/dr-mehmet-veli-karaaltin-cirujano-plastico-y-socio-de-medespoir\\\/\"]}]},{\"@type\":\"ImageObject\",\"inLanguage\":\"es-ES\",\"@id\":\"https:\\\/\\\/www.medespoir.ca\\\/es\\\/dr-mehmet-veli-karaaltin-cirujano-plastico-y-socio-de-medespoir\\\/#primaryimage\",\"url\":\"https:\\\/\\\/www.medespoir.ca\\\/wp-content\\\/uploads\\\/2025\\\/01\\\/Dr-Mehmet-Veli-Karaaltin.jpg\",\"contentUrl\":\"https:\\\/\\\/www.medespoir.ca\\\/wp-content\\\/uploads\\\/2025\\\/01\\\/Dr-Mehmet-Veli-Karaaltin.jpg\",\"width\":500,\"height\":375},{\"@type\":\"BreadcrumbList\",\"@id\":\"https:\\\/\\\/www.medespoir.ca\\\/es\\\/dr-mehmet-veli-karaaltin-cirujano-plastico-y-socio-de-medespoir\\\/#breadcrumb\",\"itemListElement\":[{\"@type\":\"ListItem\",\"position\":1,\"name\":\"Accueil\",\"item\":\"https:\\\/\\\/www.medespoir.ca\\\/es\\\/\"},{\"@type\":\"ListItem\",\"position\":2,\"name\":\"Dr. Mehmet Veli Karaalt\u0131n, cirujano pl\u00e1stico y socio de Medespoir\"}]},{\"@type\":\"WebSite\",\"@id\":\"https:\\\/\\\/www.medespoir.ca\\\/es\\\/#website\",\"url\":\"https:\\\/\\\/www.medespoir.ca\\\/es\\\/\",\"name\":\"\",\"description\":\"\",\"potentialAction\":[{\"@type\":\"SearchAction\",\"target\":{\"@type\":\"EntryPoint\",\"urlTemplate\":\"https:\\\/\\\/www.medespoir.ca\\\/es\\\/?s={search_term_string}\"},\"query-input\":{\"@type\":\"PropertyValueSpecification\",\"valueRequired\":true,\"valueName\":\"search_term_string\"}}],\"inLanguage\":\"es-ES\"},{\"@type\":\"Person\",\"@id\":\"https:\\\/\\\/www.medespoir.ca\\\/es\\\/#\\\/schema\\\/person\\\/c4e075a55e664897bd6514f0d0adac9b\",\"name\":\"Fanette Moth\u00e9\",\"image\":{\"@type\":\"ImageObject\",\"inLanguage\":\"es-ES\",\"@id\":\"https:\\\/\\\/secure.gravatar.com\\\/avatar\\\/82cc93e2a76f1718fdef6dfb850289031ffb3fa91777535a09665e57b36da1d9?s=96&d=mm&r=g\",\"url\":\"https:\\\/\\\/secure.gravatar.com\\\/avatar\\\/82cc93e2a76f1718fdef6dfb850289031ffb3fa91777535a09665e57b36da1d9?s=96&d=mm&r=g\",\"contentUrl\":\"https:\\\/\\\/secure.gravatar.com\\\/avatar\\\/82cc93e2a76f1718fdef6dfb850289031ffb3fa91777535a09665e57b36da1d9?s=96&d=mm&r=g\",\"caption\":\"Fanette Moth\u00e9\"},\"url\":\"https:\\\/\\\/www.medespoir.ca\\\/es\\\/author\\\/chirurgie-esthetique-ref\\\/\"}]}<\/script>\n<!-- \/ Yoast SEO plugin. -->","yoast_head_json":{"title":"Dr. Mehmet Veli Karaalt\u0131n, cirujano pl\u00e1stico y socio de Medespoir -","robots":{"index":"index","follow":"follow","max-snippet":"max-snippet:-1","max-image-preview":"max-image-preview:large","max-video-preview":"max-video-preview:-1"},"canonical":"https:\/\/www.medespoir.ca\/es\/dr-mehmet-veli-karaaltin-cirujano-plastico-y-socio-de-medespoir\/","og_locale":"es_ES","og_type":"article","og_title":"Dr. Mehmet Veli Karaalt\u0131n, cirujano pl\u00e1stico y socio de Medespoir -","og_description":"El Dr. Mehmet Veli Karaalt\u0131n, en estrecha colaboraci\u00f3n con Medespoir, es un reconocido cirujano pl\u00e1stico que ejerce en Estambul, Turqu\u00eda. Famoso por su experiencia y destreza, acompa\u00f1a con profesionalismo a mujeres y hombres que desean someterse a intervenciones de cirug\u00eda","og_url":"https:\/\/www.medespoir.ca\/es\/dr-mehmet-veli-karaaltin-cirujano-plastico-y-socio-de-medespoir\/","article_published_time":"2025-01-22T09:36:01+00:00","article_modified_time":"2025-01-22T13:20:53+00:00","og_image":[{"width":500,"height":375,"url":"https:\/\/www.medespoir.ca\/wp-content\/uploads\/2025\/01\/Dr-Mehmet-Veli-Karaaltin.jpg","type":"image\/jpeg"}],"author":"Fanette Moth\u00e9","twitter_card":"summary_large_image","twitter_misc":{"Written by":"Fanette Moth\u00e9","Est. reading time":"4 minutes"},"schema":{"@context":"https:\/\/schema.org","@graph":[{"@type":"Article","@id":"https:\/\/www.medespoir.ca\/es\/dr-mehmet-veli-karaaltin-cirujano-plastico-y-socio-de-medespoir\/#article","isPartOf":{"@id":"https:\/\/www.medespoir.ca\/es\/dr-mehmet-veli-karaaltin-cirujano-plastico-y-socio-de-medespoir\/"},"author":{"name":"Fanette Moth\u00e9","@id":"https:\/\/www.medespoir.ca\/es\/#\/schema\/person\/c4e075a55e664897bd6514f0d0adac9b"},"headline":"Dr. Mehmet Veli Karaalt\u0131n, cirujano pl\u00e1stico y socio de Medespoir","datePublished":"2025-01-22T09:36:01+00:00","dateModified":"2025-01-22T13:20:53+00:00","mainEntityOfPage":{"@id":"https:\/\/www.medespoir.ca\/es\/dr-mehmet-veli-karaaltin-cirujano-plastico-y-socio-de-medespoir\/"},"wordCount":762,"image":{"@id":"https:\/\/www.medespoir.ca\/es\/dr-mehmet-veli-karaaltin-cirujano-plastico-y-socio-de-medespoir\/#primaryimage"},"thumbnailUrl":"https:\/\/www.medespoir.ca\/wp-content\/uploads\/2025\/01\/Dr-Mehmet-Veli-Karaaltin.jpg","articleSection":["Sin categorizar"],"inLanguage":"es-ES"},{"@type":"WebPage","@id":"https:\/\/www.medespoir.ca\/es\/dr-mehmet-veli-karaaltin-cirujano-plastico-y-socio-de-medespoir\/","url":"https:\/\/www.medespoir.ca\/es\/dr-mehmet-veli-karaaltin-cirujano-plastico-y-socio-de-medespoir\/","name":"Dr. Mehmet Veli Karaalt\u0131n, cirujano pl\u00e1stico y socio de Medespoir -","isPartOf":{"@id":"https:\/\/www.medespoir.ca\/es\/#website"},"primaryImageOfPage":{"@id":"https:\/\/www.medespoir.ca\/es\/dr-mehmet-veli-karaaltin-cirujano-plastico-y-socio-de-medespoir\/#primaryimage"},"image":{"@id":"https:\/\/www.medespoir.ca\/es\/dr-mehmet-veli-karaaltin-cirujano-plastico-y-socio-de-medespoir\/#primaryimage"},"thumbnailUrl":"https:\/\/www.medespoir.ca\/wp-content\/uploads\/2025\/01\/Dr-Mehmet-Veli-Karaaltin.jpg","datePublished":"2025-01-22T09:36:01+00:00","dateModified":"2025-01-22T13:20:53+00:00","author":{"@id":"https:\/\/www.medespoir.ca\/es\/#\/schema\/person\/c4e075a55e664897bd6514f0d0adac9b"},"breadcrumb":{"@id":"https:\/\/www.medespoir.ca\/es\/dr-mehmet-veli-karaaltin-cirujano-plastico-y-socio-de-medespoir\/#breadcrumb"},"inLanguage":"es-ES","potentialAction":[{"@type":"ReadAction","target":["https:\/\/www.medespoir.ca\/es\/dr-mehmet-veli-karaaltin-cirujano-plastico-y-socio-de-medespoir\/"]}]},{"@type":"ImageObject","inLanguage":"es-ES","@id":"https:\/\/www.medespoir.ca\/es\/dr-mehmet-veli-karaaltin-cirujano-plastico-y-socio-de-medespoir\/#primaryimage","url":"https:\/\/www.medespoir.ca\/wp-content\/uploads\/2025\/01\/Dr-Mehmet-Veli-Karaaltin.jpg","contentUrl":"https:\/\/www.medespoir.ca\/wp-content\/uploads\/2025\/01\/Dr-Mehmet-Veli-Karaaltin.jpg","width":500,"height":375},{"@type":"BreadcrumbList","@id":"https:\/\/www.medespoir.ca\/es\/dr-mehmet-veli-karaaltin-cirujano-plastico-y-socio-de-medespoir\/#breadcrumb","itemListElement":[{"@type":"ListItem","position":1,"name":"Accueil","item":"https:\/\/www.medespoir.ca\/es\/"},{"@type":"ListItem","position":2,"name":"Dr. Mehmet Veli Karaalt\u0131n, cirujano pl\u00e1stico y socio de Medespoir"}]},{"@type":"WebSite","@id":"https:\/\/www.medespoir.ca\/es\/#website","url":"https:\/\/www.medespoir.ca\/es\/","name":"","description":"","potentialAction":[{"@type":"SearchAction","target":{"@type":"EntryPoint","urlTemplate":"https:\/\/www.medespoir.ca\/es\/?s={search_term_string}"},"query-input":{"@type":"PropertyValueSpecification","valueRequired":true,"valueName":"search_term_string"}}],"inLanguage":"es-ES"},{"@type":"Person","@id":"https:\/\/www.medespoir.ca\/es\/#\/schema\/person\/c4e075a55e664897bd6514f0d0adac9b","name":"Fanette Moth\u00e9","image":{"@type":"ImageObject","inLanguage":"es-ES","@id":"https:\/\/secure.gravatar.com\/avatar\/82cc93e2a76f1718fdef6dfb850289031ffb3fa91777535a09665e57b36da1d9?s=96&d=mm&r=g","url":"https:\/\/secure.gravatar.com\/avatar\/82cc93e2a76f1718fdef6dfb850289031ffb3fa91777535a09665e57b36da1d9?s=96&d=mm&r=g","contentUrl":"https:\/\/secure.gravatar.com\/avatar\/82cc93e2a76f1718fdef6dfb850289031ffb3fa91777535a09665e57b36da1d9?s=96&d=mm&r=g","caption":"Fanette Moth\u00e9"},"url":"https:\/\/www.medespoir.ca\/es\/author\/chirurgie-esthetique-ref\/"}]}},"_links":{"self":[{"href":"https:\/\/www.medespoir.ca\/es\/wp-json\/wp\/v2\/posts\/12896","targetHints":{"allow":["GET"]}}],"collection":[{"href":"https:\/\/www.medespoir.ca\/es\/wp-json\/wp\/v2\/posts"}],"about":[{"href":"https:\/\/www.medespoir.ca\/es\/wp-json\/wp\/v2\/types\/post"}],"author":[{"embeddable":true,"href":"https:\/\/www.medespoir.ca\/es\/wp-json\/wp\/v2\/users\/2"}],"replies":[{"embeddable":true,"href":"https:\/\/www.medespoir.ca\/es\/wp-json\/wp\/v2\/comments?post=12896"}],"version-history":[{"count":2,"href":"https:\/\/www.medespoir.ca\/es\/wp-json\/wp\/v2\/posts\/12896\/revisions"}],"predecessor-version":[{"id":12898,"href":"https:\/\/www.medespoir.ca\/es\/wp-json\/wp\/v2\/posts\/12896\/revisions\/12898"}],"wp:featuredmedia":[{"embeddable":true,"href":"https:\/\/www.medespoir.ca\/es\/wp-json\/wp\/v2\/media\/12886"}],"wp:attachment":[{"href":"https:\/\/www.medespoir.ca\/es\/wp-json\/wp\/v2\/media?parent=12896"}],"wp:term":[{"taxonomy":"category","embeddable":true,"href":"https:\/\/www.medespoir.ca\/es\/wp-json\/wp\/v2\/categories?post=12896"},{"taxonomy":"post_tag","embeddable":true,"href":"https:\/\/www.medespoir.ca\/es\/wp-json\/wp\/v2\/tags?post=12896"}],"curies":[{"name":"wp","href":"https:\/\/api.w.org\/{rel}","templated":true}]}}